{"id":2017,"date":"2025-05-05T15:56:59","date_gmt":"2025-05-05T15:56:59","guid":{"rendered":"https:\/\/wp.laas.fr\/ecolaas\/?p=2017"},"modified":"2025-05-16T15:06:26","modified_gmt":"2025-05-16T15:06:26","slug":"challenge-inter-regions-mai-a-velo-edition-2025","status":"publish","type":"post","link":"https:\/\/wp.laas.fr\/ecolaas\/2025\/05\/05\/challenge-inter-regions-mai-a-velo-edition-2025\/","title":{"rendered":"Challenge inter-r\u00e9gions \u00ab\u00a0Mai \u00e0 V\u00e9lo\u00a0\u00bb \u00e9dition 2025"},"content":{"rendered":"\n<p>Dans le cadre de sa politique en mati\u00e8re de mobilit\u00e9s actives, et en particulier en faveur du v\u00e9lo, le CNRS s\u2019engage une nouvelle fois cette ann\u00e9e dans le challenge \u00ab Mai \u00e0 v\u00e9lo \u00bb du 1er au 31 mai 2025.<\/p>\n\n\n\n<p>Le principe est simple : parcourir un maximum de kilom\u00e8tres \u00e0 v\u00e9lo lors de vos trajets du quotidien ou de vos balades !<\/p>\n\n\n\n<p>Vertueux pour l\u2019environnement, bon pour la sant\u00e9, convivial\u2026 La pratique du v\u00e9lo au quotidien est le mode de d\u00e9placement le plus pratique et rapide.<\/p>\n\n\n\n<p>Pour participer c&rsquo;est simple :<\/p>\n\n\n\n<p>&#8211; s&rsquo;inscrire sur Geovelo&nbsp;<a href=\"https:\/\/geovelo.app\/fr\/sign-up\/\">https:\/\/geovelo.app\/fr\/sign-up\/<\/a>&nbsp;(id\u00e9alement avec l&rsquo;adresse&nbsp;<a href=\"http:\/\/cnrs.fr\/\">cnrs.fr<\/a>&nbsp;ou&nbsp;<a href=\"http:\/\/laas.fr\/\">laas.fr<\/a>)<\/p>\n\n\n\n<p>&#8211; rechercher et rejoindre la communaut\u00e9 CNRS, un code est demand\u00e9 : DBBIZLW<\/p>\n\n\n\n<p>On peut \u00e9galement rejoindre l&rsquo;\u00e9quipe locale : \u00ab\u00a0CNRS &#8211; DR14 Campus OMP-DR-LAAS\u00a0\u00bb<\/p>\n\n\n\n<p>A partir du 1er mai, d\u00e9clencher l&rsquo;appli \u00e0 chaque trajet v\u00e9lo ou la laisser d\u00e9tecter automatiquement les trajets v\u00e9los \ud83d\ude42<\/p>\n\n\n\n<p>Pour sa premi\u00e8re participation l&rsquo;ann\u00e9e derni\u00e8re, le CNRS s&rsquo;est class\u00e9 2\u00e8me, \u00e0 365km. d&rsquo;\u00e9cart du 1er !<\/p>\n","protected":false},"excerpt":{"rendered":"<p>Dans le cadre de sa politique en mati\u00e8re de mobilit\u00e9s actives, et en particulier en faveur du v\u00e9lo, le CNRS s\u2019engage une nouvelle fois cette ann\u00e9e dans le challenge \u00ab Mai \u00e0 v\u00e9lo \u00bb du 1er au 31 mai 2025. Le principe est simple : parcourir un maximum de kilom\u00e8tres \u00e0 v\u00e9lo lors de vos [&hellip;]<\/p>\n","protected":false},"author":62,"featured_media":2018,"comment_status":"closed","ping_status":"closed","sticky":false,"template":"","format":"standard","meta":{"footnotes":""},"categories":[48,15,43],"tags":[37,38,27],"class_list":{"0":"post-2017","1":"post","2":"type-post","3":"status-publish","4":"format-standard","5":"has-post-thumbnail","6":"hentry","7":"category-2025-newsletter-printemps-ete","8":"category-evenements","9":"category-sensibilisation","10":"tag-actualite-evenement","11":"tag-actualite-laas","12":"tag-mobilite","14":"post-with-thumbnail","15":"post-with-thumbnail-icon"},"_links":{"self":[{"href":"https:\/\/wp.laas.fr\/ecolaas\/wp-json\/wp\/v2\/posts\/2017","targetHints":{"allow":["GET"]}}],"collection":[{"href":"https:\/\/wp.laas.fr\/ecolaas\/wp-json\/wp\/v2\/posts"}],"about":[{"href":"https:\/\/wp.laas.fr\/ecolaas\/wp-json\/wp\/v2\/types\/post"}],"author":[{"embeddable":true,"href":"https:\/\/wp.laas.fr\/ecolaas\/wp-json\/wp\/v2\/users\/62"}],"replies":[{"embeddable":true,"href":"https:\/\/wp.laas.fr\/ecolaas\/wp-json\/wp\/v2\/comments?post=2017"}],"version-history":[{"count":3,"href":"https:\/\/wp.laas.fr\/ecolaas\/wp-json\/wp\/v2\/posts\/2017\/revisions"}],"predecessor-version":[{"id":2021,"href":"https:\/\/wp.laas.fr\/ecolaas\/wp-json\/wp\/v2\/posts\/2017\/revisions\/2021"}],"wp:featuredmedia":[{"embeddable":true,"href":"https:\/\/wp.laas.fr\/ecolaas\/wp-json\/wp\/v2\/media\/2018"}],"wp:attachment":[{"href":"https:\/\/wp.laas.fr\/ecolaas\/wp-json\/wp\/v2\/media?parent=2017"}],"wp:term":[{"taxonomy":"category","embeddable":true,"href":"https:\/\/wp.laas.fr\/ecolaas\/wp-json\/wp\/v2\/categories?post=2017"},{"taxonomy":"post_tag","embeddable":true,"href":"https:\/\/wp.laas.fr\/ecolaas\/wp-json\/wp\/v2\/tags?post=2017"}],"curies":[{"name":"wp","href":"https:\/\/api.w.org\/{rel}","templated":true}]}}